{"id":93,"date":"2017-11-14T15:27:59","date_gmt":"2017-11-14T15:27:59","guid":{"rendered":"http:\/\/www.carretillasalmeria.es\/blog\/?p=93"},"modified":"2019-08-30T12:53:25","modified_gmt":"2019-08-30T10:53:25","slug":"iluminacion-carretillas-elevadoras","status":"publish","type":"post","link":"https:\/\/www.carretillasalmeria.es\/blog\/iluminacion-carretillas-elevadoras\/","title":{"rendered":"La iluminaci\u00f3n de las carretillas elevadoras"},"content":{"rendered":"<p>Disponer de un equipo industrial equipado correctamente no quiere decir \u00fanicamente <strong>alquilar carretillas elevadoras<\/strong> de nivel en el mercado. Y es que <span style=\"text-decoration: underline;\">son muchos los factores que intervienen para que estas carretillas sean seguras para sus conductores<\/span>, como la iluminaci\u00f3n.<\/p>\n<h2>11 cosas que debe saber sobre la iluminaci\u00f3n en las carretillas elevadoras<\/h2>\n<p>A pesar de que las propias m\u00e1quinas traigan incorporados sus correspondientes faros, no est\u00e1 de m\u00e1s conocer m\u00e1s acerca de este componente que puede mejorar considerablemente el trabajo del operario.<\/p>\n<p><b>#Revestimiento<\/b><\/p>\n<p>Los faros deben contar con un revestimiento electro-est\u00e1tico que impida la corrosi\u00f3n.<\/p>\n<p><img decoding=\"async\" loading=\"lazy\" class=\"wp-image-123 size-full aligncenter\" title=\"Alquiler varato de carretillas elevadoras\" src=\"https:\/\/www.carretillasalmeria.es\/blog\/wp-content\/uploads\/blog-1-1.jpg\" alt=\"\" width=\"500\" height=\"133\" srcset=\"https:\/\/www.carretillasalmeria.es\/blog\/wp-content\/uploads\/blog-1-1.jpg 500w, https:\/\/www.carretillasalmeria.es\/blog\/wp-content\/uploads\/blog-1-1-300x80.jpg 300w\" sizes=\"(max-width: 500px) 100vw, 500px\" \/><\/p>\n<p><b>#Resistentes<\/b><\/p>\n<p>Son muchos los elementos que tienen que soportar, pero sobre todo han de demostrar resistencia frente al fr\u00edo, calor y vibraciones, entre otros.<\/p>\n<p><b>#Tipo de iluminaci\u00f3n<\/b><\/p>\n<p><b>Existen dos formas de iluminaci\u00f3n<\/b>: la de largo y la de corto alcance. La de largo es m\u00e1s estrecha y llega a los 120 metros, mientras la de corto se concentra delante de la carretilla hasta 30 metros iluminando de forma m\u00e1s homog\u00e9nea.<\/p>\n<p><b>#Distribuci\u00f3n<\/b><\/p>\n<p>Importancia de la difusi\u00f3n de la luz de una forma homog\u00e9nea sobre el suelo.<\/p>\n<p><b>#Vida \u00fatil<\/b><\/p>\n<p>La inversi\u00f3n en este tipo de productos cambia en funci\u00f3n de la durabilidad de estos. As\u00ed, mientras los hal\u00f3genos tienen unas 500 horas de vida o los de xen\u00f3n 1000, la tecnolog\u00eda LED cuenta con 60.000 horas.<\/p>\n<p><b>#Tecnolog\u00eda<\/b><\/p>\n<p>Existe una evoluci\u00f3n significativa en la tecnolog\u00eda aplicada en la iluminaci\u00f3n de los veh\u00edculos. Desde los hal\u00f3genos hasta llegar al LED, pasando por el xen\u00f3n, han dado lugar a cambios de rendimiento y potencia lum\u00ednica.<\/p>\n<p><b>#Seguridad<\/b><\/p>\n<p>Los faros tienen que cumplir con la normativa legal europea (CEE 10, E1) para ser compatibles y no provocar interferencias con cualquier otra parte del veh\u00edculo.<\/p>\n<p><img decoding=\"async\" loading=\"lazy\" class=\"size-full wp-image-95 aligncenter\" src=\"https:\/\/www.carretillasalmeria.es\/blog\/wp-content\/uploads\/2017\/11\/carretillas-elevadoras-baratas-almeria-e1510673129949.jpg\" alt=\"carretillas elevadoras Almer\u00eda\" width=\"500\" height=\"281\" \/><\/p>\n<p><b>#Termo-control<\/b><\/p>\n<p>Ante las elevadas temperaturas que sufren los faros, es importante que cuenten con sensores t\u00e9rmicos que los protejan del sobrecalentamiento.<\/p>\n<p><b>#Colores y temperaturas<\/b><\/p>\n<p>Muchos fabricantes apuestan por temperaturas altas para alcanzar altos valores lum\u00ednicos.<\/p>\n<p><b>#Marcha atr\u00e1s<\/b><\/p>\n<p>Adem\u00e1s de los faros de trabajo delanteros, existen los de la parte trasera de la <em>carretilla elevadora<\/em>. Estos tambi\u00e9n deben seguir una normativa y son especiales. En este sentido, no pueden ser como los delanteros ni tampoco pueden ser anti-nieblas. Asimismo, la normativa indica que adem\u00e1s de los dos con los que cuenta, pueden ser incluidos otros dos m\u00e1s (en total 4 traseros) para iluminar la zona trasera y conseguir unas maniobras m\u00e1s adecuadas en direcci\u00f3n marcha atr\u00e1s.<\/p>\n<p><b>#Posici\u00f3n<\/b><\/p>\n<p>El faro de trabajo debe sumar amplitud y proyecci\u00f3n. En este sentido, la altura ha de ser superior a 2,5 metros y la inclinaci\u00f3n entre 2\u00ba y 15\u00ba.<\/p>\n<blockquote><p>De este modo, podemos comprobar que cualquier parte de la carretilla es fundamental y c\u00f3mo, en lugares de trabajo con poca luz natural, contar con unos faros adecuados es imprescindible.<\/p><\/blockquote>\n<p>Sobra decir que las carretillas que ofrecemos en nuestro <a href=\"https:\/\/www.carretillasalmeria.es\/\">servicio de renting en Almer\u00eda<\/a> cuentan con todos los componentes actualizados y preparados para funcionar a la perfecci\u00f3n. La iluminaci\u00f3n es de calidad y pueden ser utilizadas en cualquier \u00e1mbito laboral. Si busca un <strong>alquiler barato de carretillas elevadoras en Almer\u00eda<\/strong> ya sabe a quien acudir.<\/p>\n","protected":false},"excerpt":{"rendered":"<p>Disponer de un equipo industrial equipado correctamente no quiere decir \u00fanicamente alquilar carretillas elevadoras de nivel en el mercado. Y es que son muchos los factores que intervienen para que estas carretillas sean seguras para sus conductores, como la iluminaci\u00f3n. 11 cosas que debe saber sobre la iluminaci\u00f3n en las carretillas elevadoras A pesar de &#8230; <a title=\"La iluminaci\u00f3n de las carretillas elevadoras\" class=\"read-more\" href=\"https:\/\/www.carretillasalmeria.es\/blog\/iluminacion-carretillas-elevadoras\/\">Leer m\u00e1s<\/a><\/p>\n","protected":false},"author":1,"featured_media":122,"comment_status":"open","ping_status":"closed","sticky":false,"template":"","format":"standard","meta":[],"categories":[8],"tags":[],"_links":{"self":[{"href":"https:\/\/www.carretillasalmeria.es\/blog\/wp-json\/wp\/v2\/posts\/93"}],"collection":[{"href":"https:\/\/www.carretillasalmeria.es\/blog\/wp-json\/wp\/v2\/posts"}],"about":[{"href":"https:\/\/www.carretillasalmeria.es\/blog\/wp-json\/wp\/v2\/types\/post"}],"author":[{"embeddable":true,"href":"https:\/\/www.carretillasalmeria.es\/blog\/wp-json\/wp\/v2\/users\/1"}],"replies":[{"embeddable":true,"href":"https:\/\/www.carretillasalmeria.es\/blog\/wp-json\/wp\/v2\/comments?post=93"}],"version-history":[{"count":4,"href":"https:\/\/www.carretillasalmeria.es\/blog\/wp-json\/wp\/v2\/posts\/93\/revisions"}],"predecessor-version":[{"id":125,"href":"https:\/\/www.carretillasalmeria.es\/blog\/wp-json\/wp\/v2\/posts\/93\/revisions\/125"}],"wp:featuredmedia":[{"embeddable":true,"href":"https:\/\/www.carretillasalmeria.es\/blog\/wp-json\/wp\/v2\/media\/122"}],"wp:attachment":[{"href":"https:\/\/www.carretillasalmeria.es\/blog\/wp-json\/wp\/v2\/media?parent=93"}],"wp:term":[{"taxonomy":"category","embeddable":true,"href":"https:\/\/www.carretillasalmeria.es\/blog\/wp-json\/wp\/v2\/categories?post=93"},{"taxonomy":"post_tag","embeddable":true,"href":"https:\/\/www.carretillasalmeria.es\/blog\/wp-json\/wp\/v2\/tags?post=93"}],"curies":[{"name":"wp","href":"https:\/\/api.w.org\/{rel}","templated":true}]}}