{"id":26,"date":"2017-05-15T12:17:10","date_gmt":"2017-05-15T12:17:10","guid":{"rendered":"http:\/\/www.carretillasalmeria.es\/blog\/?p=26"},"modified":"2019-08-30T13:30:05","modified_gmt":"2019-08-30T11:30:05","slug":"por-que-alquilarnos-carretillas-elevadoras","status":"publish","type":"post","link":"https:\/\/www.carretillasalmeria.es\/blog\/por-que-alquilarnos-carretillas-elevadoras\/","title":{"rendered":"\u00bfPor qu\u00e9 alquilar una carretilla elevadora en nuestra empresa?"},"content":{"rendered":"<p>Nuestros productos son de alta calidad, fiabilidad y su rendimiento est\u00e1 asegurado, independientemente del tiempo que dure el <strong>alquiler de nuestras carretillas elevadoras en Almer\u00eda<\/strong>.<\/p>\n<p><em>Adem\u00e1s de alquilarle los mejores veh\u00edculos que podr\u00e1 encontrar en el sector<\/em>, aportamos soluciones que satisfacen necesidades operativas y financieras, al no tener que adquirirlas en propiedad.<\/p>\n<p>En nuestra p\u00e1gina web, podr\u00e1 encontrar un cat\u00e1logo detallado de las <strong>4 carretillas<\/strong> que ofrecemos, con sus caracter\u00edsticas y prestaciones, de modo que pueda escoger la que mejor se acomode a sus necesidades.<\/p>\n<p>Al lado, habr\u00e1 un formulario de contacto donde podr\u00e1 <u>consultar con nosotros el per\u00edodo de alquiler que necesita<\/u>.<\/p>\n<p>Todos los veh\u00edculos son de primera mano y son revisados minuciosamente antes de ser entregados a los clientes para que no sufran aver\u00eda alguna durante el tiempo que las utilice.<\/p>\n<p><img decoding=\"async\" loading=\"lazy\" class=\"alignnone wp-image-132 size-full\" title=\"elevadores Almeria\" src=\"https:\/\/www.carretillasalmeria.es\/blog\/wp-content\/uploads\/blog-4-1.jpg\" alt=\"\" width=\"700\" height=\"337\" srcset=\"https:\/\/www.carretillasalmeria.es\/blog\/wp-content\/uploads\/blog-4-1.jpg 700w, https:\/\/www.carretillasalmeria.es\/blog\/wp-content\/uploads\/blog-4-1-300x144.jpg 300w\" sizes=\"(max-width: 700px) 100vw, 700px\" \/><\/p>\n<h2>\u00bfTiene un pedido urgente o su entorno ha sufrido alg\u00fan cambio operativo?<\/h2>\n<p>Si sufre alguno de estos dos problemas y necesita de <a href=\"https:\/\/www.carretillasalmeria.es\/carretillas-elevadoras-231.html\">carretillas elevadoras baratas<\/a> en <em>Almer\u00eda<\/em>, puede recurrir a nosotros para que le aportemos la flexibilidad necesaria para afrontar ese cambio imprevisto.<\/p>\n<p>Sea cuales sean las circunstancias, estamos en disposici\u00f3n de ayudarle.<\/p>\n<p>Nuestros especialistas tramitar\u00e1n su solicitud con rapidez y eficiencia para garantizar la mejor soluci\u00f3n a sus demandas.<\/p>\n<blockquote><p>El alquiler de carretillas elevadoras constituye una soluci\u00f3n econ\u00f3mica que disminuye costes a la hora de realizar obras.<\/p><\/blockquote>\n<p>Durante el tiempo que las utilice, tendr\u00e1 a su disposici\u00f3n un servicio profesional de mantenimiento y reparaci\u00f3n que velar\u00e1 por el correcto funcionamiento de las mismas.<\/p>\n<p>Contamos con m\u00e1s de 20 a\u00f1os de experiencia como proveedores oficiales de <strong>carretillas elevadoras en Almer\u00eda<\/strong> de la marca <em>Kruger.<\/em><\/p>\n<p>Ya sea para la <em>manipulaci\u00f3n de mercanc\u00edas paletizadas<\/em> o la elevaci\u00f3n de cargas, <u>nuestras carretillas han sido dise\u00f1adas para alcanzar una m\u00e1xima eficiencia en las labores que se les encarguen<\/u>.<\/p>\n<p>Tienen un dise\u00f1o robusto con tecnolog\u00eda altamente avanzada que facilita el uso de las mismas, independientemente de las aplicaciones que vayan a recibir.<\/p>\n<p>A pesar de que la empresa que nos contrate ya tenga experiencia en el manejo de estos equipos, no tenemos ning\u00fan problema en proporcionarles el asesoramiento e informaci\u00f3n que necesiten para prevenir riesgos laborales que pudiesen desembocar en accidentes de trabajo.<\/p>\n<p>Disponemos de los mejores medios humanos y materiales con los que poder ofrecer el m\u00e1s completo y mejor servicio a nuestros clientes. Brindamos apoyo en horas punta de trabajo, sobrecargas estacionales, inventarios o proyectos especiales a corto o largo plazo\u2026<\/p>\n<p>Gestionamos de manera activa la renovaci\u00f3n de nuestra flota de <strong>alquiler barato de carretilla en Almer\u00eda<\/strong>, supervisando su rendimiento a lo largo de su ciclo de vida.<\/p>\n<p>As\u00ed, podemos garantizar a los clientes condiciones de alquiler de altos niveles de calidad.<\/p>\n<p>Desde nuestra fundaci\u00f3n, nos hemos caracterizado por llevar una filosof\u00eda basada en la mejora continua y en dar prioridad a la satisfacci\u00f3n de nuestros clientes, de modo que vean satisfechas sus necesidades y superadas sus expectativas.<\/p>\n<p>En el mundo industrial y empresarial, surgen necesidades de transporte de cargas diferentes a todas horas a las que hay que saber hacerles frente para evitar problemas de desplazamiento y de manipulaci\u00f3n de carga.<\/p>\n<p>Cuando los pavimentos no sean muy estables o firmes, <em>nuestras carretillas le podr\u00e1n ayudar porque tienen una gran potencia<\/em>, gracias a que los neum\u00e1ticos que incorporan las dotan de una gran movilidad que les capacita para sortear cualquier obst\u00e1culo del terreno.<\/p>\n<h3>Alquiler de carretillas elevadoras el\u00e9ctricas baratas en Almer\u00eda<\/h3>\n<p><strong>Las carretillas elevadoras el\u00e9ctricas se utilizan para manipular mercanc\u00edas no muy pesadas<\/strong>. El coste de su mantenimiento es muy reducido y tienen una bater\u00eda que les proporciona un alto rendimiento por un muy bajo consumo de energ\u00eda.<\/p>\n<p>Son perfectas para manipular mercanc\u00edas en lugares de reducido espacio.<\/p>\n<p><span style=\"color: #ff0000;\">\u00a1Si desea m\u00e1s informaci\u00f3n sobre nuestros art\u00edculos no dude en ponerse en contacto con nosotros!<\/span><\/p>\n<p><center><iframe loading=\"lazy\" style=\"border: 0;\" src=\"https:\/\/www.google.com\/maps\/embed?pb=!1m18!1m12!1m3!1d51088.63672506629!2d-2.4921360718683845!3d36.84152296450702!2m3!1f0!2f0!3f0!3m2!1i1024!2i768!4f13.1!3m3!1m2!1s0xd7a9e00ecccf2c1%3A0x8d9da01f8ebc485e!2zQWxtZXLDrWE!5e0!3m2!1ses!2ses!4v1494850452428\" width=\"70%\" height=\"375\" frameborder=\"0\" allowfullscreen=\"allowfullscreen\"><\/iframe><\/center><\/p>\n","protected":false},"excerpt":{"rendered":"<p>Nuestros productos son de alta calidad, fiabilidad y su rendimiento est\u00e1 asegurado, independientemente del tiempo que dure el alquiler de nuestras carretillas elevadoras en Almer\u00eda. Adem\u00e1s de alquilarle los mejores veh\u00edculos que podr\u00e1 encontrar en el sector, aportamos soluciones que satisfacen necesidades operativas y financieras, al no tener que adquirirlas en propiedad. En nuestra p\u00e1gina &#8230; <a title=\"\u00bfPor qu\u00e9 alquilar una carretilla elevadora en nuestra empresa?\" class=\"read-more\" href=\"https:\/\/www.carretillasalmeria.es\/blog\/por-que-alquilarnos-carretillas-elevadoras\/\">Leer m\u00e1s<\/a><\/p>\n","protected":false},"author":1,"featured_media":131,"comment_status":"open","ping_status":"closed","sticky":false,"template":"","format":"standard","meta":[],"categories":[2],"tags":[5],"_links":{"self":[{"href":"https:\/\/www.carretillasalmeria.es\/blog\/wp-json\/wp\/v2\/posts\/26"}],"collection":[{"href":"https:\/\/www.carretillasalmeria.es\/blog\/wp-json\/wp\/v2\/posts"}],"about":[{"href":"https:\/\/www.carretillasalmeria.es\/blog\/wp-json\/wp\/v2\/types\/post"}],"author":[{"embeddable":true,"href":"https:\/\/www.carretillasalmeria.es\/blog\/wp-json\/wp\/v2\/users\/1"}],"replies":[{"embeddable":true,"href":"https:\/\/www.carretillasalmeria.es\/blog\/wp-json\/wp\/v2\/comments?post=26"}],"version-history":[{"count":8,"href":"https:\/\/www.carretillasalmeria.es\/blog\/wp-json\/wp\/v2\/posts\/26\/revisions"}],"predecessor-version":[{"id":133,"href":"https:\/\/www.carretillasalmeria.es\/blog\/wp-json\/wp\/v2\/posts\/26\/revisions\/133"}],"wp:featuredmedia":[{"embeddable":true,"href":"https:\/\/www.carretillasalmeria.es\/blog\/wp-json\/wp\/v2\/media\/131"}],"wp:attachment":[{"href":"https:\/\/www.carretillasalmeria.es\/blog\/wp-json\/wp\/v2\/media?parent=26"}],"wp:term":[{"taxonomy":"category","embeddable":true,"href":"https:\/\/www.carretillasalmeria.es\/blog\/wp-json\/wp\/v2\/categories?post=26"},{"taxonomy":"post_tag","embeddable":true,"href":"https:\/\/www.carretillasalmeria.es\/blog\/wp-json\/wp\/v2\/tags?post=26"}],"curies":[{"name":"wp","href":"https:\/\/api.w.org\/{rel}","templated":true}]}}