{"id":149,"date":"2020-11-08T23:11:51","date_gmt":"2020-11-08T22:11:51","guid":{"rendered":"https:\/\/www.carretillasalmeria.es\/blog\/?p=149"},"modified":"2020-11-08T23:29:38","modified_gmt":"2020-11-08T22:29:38","slug":"alquilerdecarretillasalmeria","status":"publish","type":"post","link":"https:\/\/www.carretillasalmeria.es\/blog\/alquilerdecarretillasalmeria\/","title":{"rendered":"E.H. Carretillas Almeria y Hyster."},"content":{"rendered":"<figure id=\"attachment_146\" aria-describedby=\"caption-attachment-146\" style=\"width: 1490px\" class=\"wp-caption alignnone\"><img decoding=\"async\" loading=\"lazy\" class=\"size-full wp-image-146\" src=\"https:\/\/www.carretillasalmeria.es\/blog\/wp-content\/uploads\/Fald\u00f3n-EH-2_page-0001.jpg\" alt=\"E. H. Carretillas Almeria. Venta alquiler y reparacion.\" width=\"1500\" height=\"369\" srcset=\"https:\/\/www.carretillasalmeria.es\/blog\/wp-content\/uploads\/Fald\u00f3n-EH-2_page-0001.jpg 1500w, https:\/\/www.carretillasalmeria.es\/blog\/wp-content\/uploads\/Fald\u00f3n-EH-2_page-0001-300x74.jpg 300w, https:\/\/www.carretillasalmeria.es\/blog\/wp-content\/uploads\/Fald\u00f3n-EH-2_page-0001-768x189.jpg 768w, https:\/\/www.carretillasalmeria.es\/blog\/wp-content\/uploads\/Fald\u00f3n-EH-2_page-0001-1024x252.jpg 1024w\" sizes=\"(max-width: 1500px) 100vw, 1500px\" \/><figcaption id=\"caption-attachment-146\" class=\"wp-caption-text\">E. H. Carretillas Almeria. Alquiler venta y reparacion<\/figcaption><\/figure>\n<p>Desde aqui podeis leer el articulo que ha publicado la Voz de Almeria sobre nuestra empresa: CARRETILLAS ALMERIA ALQUILER<\/p>\n<h2 style=\"text-align: center;\">E.H. Carretillas Almeria y Hyster\u00ae, la gran apuesta en el sector.Venta, alquiler\/renting, reparaci\u00f3n y mantenimiento de todo tipo de carretillas<\/h2>\n<p>&nbsp;<\/p>\n<p><em>Pablo Poza.<\/em><\/p>\n<h3><img decoding=\"async\" loading=\"lazy\" class=\"wp-image-147 aligncenter\" src=\"https:\/\/www.carretillasalmeria.es\/blog\/wp-content\/uploads\/E.H.-Carretillas-1_page-0001.jpg\" alt=\"E. H. Carretillas Almeria. La Voz de Almeria\" width=\"480\" height=\"625\" srcset=\"https:\/\/www.carretillasalmeria.es\/blog\/wp-content\/uploads\/E.H.-Carretillas-1_page-0001.jpg 1678w, https:\/\/www.carretillasalmeria.es\/blog\/wp-content\/uploads\/E.H.-Carretillas-1_page-0001-230x300.jpg 230w, https:\/\/www.carretillasalmeria.es\/blog\/wp-content\/uploads\/E.H.-Carretillas-1_page-0001-768x1001.jpg 768w, https:\/\/www.carretillasalmeria.es\/blog\/wp-content\/uploads\/E.H.-Carretillas-1_page-0001-786x1024.jpg 786w\" sizes=\"(max-width: 480px) 100vw, 480px\" \/><\/h3>\n<p>Dedicados a la venta, alquiler\/renting, reparaci\u00f3n y mantenimiento de todo tipo de carretillas elevadoras, tanto el\u00e9ctricas como de combusti\u00f3n (gasoil y glp), transpaletas, apiladores, barredoras, calefactores, etc., en E.H. Carretillas Almer\u00eda, la experiencia de 25 a\u00f1os en el sector de sus profesionales, les avalan.<\/p>\n<p>\u00bfQuieres un buen servicio para tu empresa o negocio? Cuentan con una flota de carretillas de ocasi\u00f3n, las cuales han sido seleccionadas y revisadas por el equipo t\u00e9cnico. Con todas las garant\u00edas y una calidad suprema, las carretillas elevadoras son rentables por su costo y para uso intensivo u ocasional.<\/p>\n<p>Un servicio t\u00e9cnico Hyster\u00ae, suministrador mundial l\u00edder de carretillas elevadoras y servicio autorizado de la marca Kr\u00fcger, en la que comercializan toda su gama de maquinaria para Almer\u00eda, trabajando todo su cat\u00e1logo de maquinaria.<\/p>\n<p>&nbsp;<\/p>\n<p>&nbsp;<\/p>\n<p>E.H. Carretillas Almer\u00eda escala puestos con la marca Hyster\u00ae, una de las mejores en el tejido de la maquinaria.<\/p>\n<p>Sin duda, E.H. Carretillas encuentra la soluci\u00f3n sea cual sea la necesidad del cliente.<\/p>\n<p>&nbsp;<\/p>\n<p><strong>Equipos Hyster\u00ae <\/strong><\/p>\n<p><strong>\u00a0<\/strong><\/p>\n<p>En los \u00faltimos a\u00f1os, Hyster\u00ae ha centrado sus operaciones en el desarrollo de soluciones que mejoran aplicaciones espec\u00edficas en sectores como automoci\u00f3n, metalurgia, alimentaci\u00f3n y bebidas, celulosa y papel, fabricaci\u00f3n y log\u00edstica. Cualquiera que sea la aplicaci\u00f3n que una empresa necesite, carretillas automatizadas, equipos diesel para trabajo en zonas polvorientas, equipos de interior para almacenes de alto nivel, carretillas el\u00e9ctricas<\/p>\n<p>para almac\u00e9n, los equipos Hyster\u00ae se adaptan a cualquier entorno. Y cuanto m\u00e1s complicado\u00a0 mas versatilidad aporta Hyster\u00ae. \u00bfQu\u00e9 m\u00e1s se puede pedir?<\/p>\n<p>&nbsp;<\/p>\n<p><strong>Empresas<\/strong><\/p>\n<p><strong>\u00a0<\/strong><\/p>\n<p><strong>\u00a0<\/strong>En este sentido, son varias las empresas que conf\u00edan en E.H. Carretillas Almer\u00eda, por su larga trayectoria y un equipo con gran factor humano. Entre ellas se encuentra Agrupa Adra S.A, empresa l\u00edder y pionera del sector hortofrut\u00edcola almeriense, que inici\u00f3 su andadura en el a\u00f1o 1973. Para la campa\u00f1a 20\/21 ha renovado su parque de transpaletas y carretillas\u00a0 el\u00e9ctricas apostando por Hyster\u00ae.<\/p>\n<p>Por su parte la empresa Godoy Hortalizas, S.L. vuelve a apostar por la empresa l\u00edder almeriense en este sector para la renovaci\u00f3n de su flota de maquinaria. Asimismo, Reciclados Salmer\u00f3n Berja S, L. con la garant\u00eda que ofrece E.H Carretillas, adquiere tambi\u00e9n dos carretillas Hyster\u00ae. Experiencia sin parang\u00f3n siempre al servicio de los Cientes.<\/p>\n<p>&nbsp;<\/p>\n<p>&nbsp;<\/p>\n<p><strong>Cuentan con los mejores servicios t\u00e9cnicos para la agricultura y ampl\u00edan la flota de veh\u00edculos para as\u00ed mejorar la calidad del servicio y poder ofrecer a sus clientes la mayor agilidad y eficacia posible a la hora de realizar una reparaci\u00f3n. E.H. Carretillas apuesta por el campo almeriense tanto peque\u00f1os como grandes agricultores y diversos sectores de la zona<\/strong><\/p>\n<p>&nbsp;<\/p>\n","protected":false},"excerpt":{"rendered":"<p>Desde aqui podeis leer el articulo que ha publicado la Voz de Almeria sobre nuestra empresa: CARRETILLAS ALMERIA ALQUILER E.H. Carretillas Almeria y Hyster\u00ae, la gran apuesta en el sector.Venta, alquiler\/renting, reparaci\u00f3n y mantenimiento de todo tipo de carretillas &nbsp; Pablo Poza. Dedicados a la venta, alquiler\/renting, reparaci\u00f3n y mantenimiento de todo tipo de carretillas &#8230; <a title=\"E.H. Carretillas Almeria y Hyster.\" class=\"read-more\" href=\"https:\/\/www.carretillasalmeria.es\/blog\/alquilerdecarretillasalmeria\/\">Leer m\u00e1s<\/a><\/p>\n","protected":false},"author":1,"featured_media":146,"comment_status":"closed","ping_status":"closed","sticky":false,"template":"","format":"standard","meta":[],"categories":[9,2,1,6],"tags":[4,12],"_links":{"self":[{"href":"https:\/\/www.carretillasalmeria.es\/blog\/wp-json\/wp\/v2\/posts\/149"}],"collection":[{"href":"https:\/\/www.carretillasalmeria.es\/blog\/wp-json\/wp\/v2\/posts"}],"about":[{"href":"https:\/\/www.carretillasalmeria.es\/blog\/wp-json\/wp\/v2\/types\/post"}],"author":[{"embeddable":true,"href":"https:\/\/www.carretillasalmeria.es\/blog\/wp-json\/wp\/v2\/users\/1"}],"replies":[{"embeddable":true,"href":"https:\/\/www.carretillasalmeria.es\/blog\/wp-json\/wp\/v2\/comments?post=149"}],"version-history":[{"count":6,"href":"https:\/\/www.carretillasalmeria.es\/blog\/wp-json\/wp\/v2\/posts\/149\/revisions"}],"predecessor-version":[{"id":155,"href":"https:\/\/www.carretillasalmeria.es\/blog\/wp-json\/wp\/v2\/posts\/149\/revisions\/155"}],"wp:featuredmedia":[{"embeddable":true,"href":"https:\/\/www.carretillasalmeria.es\/blog\/wp-json\/wp\/v2\/media\/146"}],"wp:attachment":[{"href":"https:\/\/www.carretillasalmeria.es\/blog\/wp-json\/wp\/v2\/media?parent=149"}],"wp:term":[{"taxonomy":"category","embeddable":true,"href":"https:\/\/www.carretillasalmeria.es\/blog\/wp-json\/wp\/v2\/categories?post=149"},{"taxonomy":"post_tag","embeddable":true,"href":"https:\/\/www.carretillasalmeria.es\/blog\/wp-json\/wp\/v2\/tags?post=149"}],"curies":[{"name":"wp","href":"https:\/\/api.w.org\/{rel}","templated":true}]}}